{"id":2350,"date":"2021-01-18T10:41:02","date_gmt":"2021-01-18T09:41:02","guid":{"rendered":"http:\/\/adolphemax.be\/?p=2350"},"modified":"2021-01-18T10:41:21","modified_gmt":"2021-01-18T09:41:21","slug":"2350","status":"publish","type":"post","link":"https:\/\/adolphemax.be\/index.php\/2021\/01\/18\/2350\/","title":{"rendered":""},"content":{"rendered":"\n<p>&nbsp;Chers parents, chers \u00e9l\u00e8ves,<\/p>\n\n\n\n<p>&nbsp; J\u2019ai l\u2019immense regret de devoir vous informer du d\u00e9c\u00e8s de notre ex-coll\u00e8gue Marc Engelbert le 13 janvier 2021, victime d\u2019un dramatique accident de la route, en tant que cycliste.<\/p>\n\n\n\n<p>\u00a0\u00a0 M. Engelbert a \u00e9t\u00e9 professeur \u00e0 l\u2019Ath\u00e9n\u00e9e de septembre 2003 jusqu\u2019\u00e0 sa pension \u00e0 65 ans en juin 2017. Il \u00e9tait entr\u00e9 \u00e0 la Ville de Bruxelles en 1974. Il aura marqu\u00e9 des g\u00e9n\u00e9rations d\u2019\u00e9l\u00e8ves par son dynamisme, son sens de la p\u00e9dagogie et son professionnalisme impressionnant.<\/p>\n\n\n\n<p>Il \u00e9tait \u00e9galement \u00e0 l\u2019initiative de nombreux projets p\u00e9dagogiques qui transcendaient la mati\u00e8re qu\u2019il enseignait. Il \u00e9tait guide art nouveau, avait organis\u00e9 \u00ab&nbsp;la semaine de l\u2019artisan&nbsp;\u00bb pour les \u00e9l\u00e8ves de 2<sup>\u00e8 <\/sup>ann\u00e9e, afin d\u2019ouvrir leur horizon \u00e0 des m\u00e9tiers d\u2019artisanat ou plus techniques, encourageait les \u00e9l\u00e8ves pour participer aux relais givr\u00e9s.<\/p>\n\n\n\n<p>C\u2019\u00e9tait aussi un coll\u00e8gue plein d\u2019enthousiasme qui ne passait pas inaper\u00e7u, d\u00e9bordant d\u2019\u00e9nergie et appr\u00e9ci\u00e9 de tous.<\/p>\n\n\n\n<p>&nbsp;&nbsp; C\u2019est avec grande \u00e9motion que nous pr\u00e9sentons nos plus sinc\u00e8res condol\u00e9ances \u00e0 son \u00e9pouse et \u00e0 leurs deux filles.<\/p>\n\n\n\n<p>&nbsp;&nbsp; Un livre d\u2019hommage sera mis \u00e0 disposition des professeurs et des \u00e9l\u00e8ves ayant connu M. Engelbert sur le pupitre dans le pr\u00e9au Max. <\/p>\n\n\n\n<p>Bien \u00e0 vous,<\/p>\n\n\n\n<p>Pascale DE MEUE, Pr\u00e9f\u00e8te des Etudes.<\/p>\n","protected":false},"excerpt":{"rendered":"<p>&nbsp;Chers parents, chers \u00e9l\u00e8ves, &nbsp; J\u2019ai l\u2019immense regret de devoir vous informer du d\u00e9c\u00e8s de notre ex-coll\u00e8gue Marc Engelbert le 13 janvier 2021, victime d\u2019un dramatique accident de la route, en tant que cycliste. \u00a0\u00a0 M. Engelbert a \u00e9t\u00e9 professeur \u00e0 l\u2019Ath\u00e9n\u00e9e de septembre 2003 jusqu\u2019\u00e0 sa pension \u00e0 65 ans en juin 2017. Il &hellip; <a href=\"https:\/\/adolphemax.be\/index.php\/2021\/01\/18\/2350\/\" class=\"more-link\">Continuer la lecture de <span class=\"screen-reader-text\"><\/span> <span class=\"meta-nav\">&rarr;<\/span><\/a><\/p>\n","protected":false},"author":1,"featured_media":0,"comment_status":"closed","ping_status":"closed","sticky":false,"template":"","format":"standard","meta":[],"categories":[1],"tags":[],"_links":{"self":[{"href":"https:\/\/adolphemax.be\/index.php\/wp-json\/wp\/v2\/posts\/2350"}],"collection":[{"href":"https:\/\/adolphemax.be\/index.php\/wp-json\/wp\/v2\/posts"}],"about":[{"href":"https:\/\/adolphemax.be\/index.php\/wp-json\/wp\/v2\/types\/post"}],"author":[{"embeddable":true,"href":"https:\/\/adolphemax.be\/index.php\/wp-json\/wp\/v2\/users\/1"}],"replies":[{"embeddable":true,"href":"https:\/\/adolphemax.be\/index.php\/wp-json\/wp\/v2\/comments?post=2350"}],"version-history":[{"count":2,"href":"https:\/\/adolphemax.be\/index.php\/wp-json\/wp\/v2\/posts\/2350\/revisions"}],"predecessor-version":[{"id":2352,"href":"https:\/\/adolphemax.be\/index.php\/wp-json\/wp\/v2\/posts\/2350\/revisions\/2352"}],"wp:attachment":[{"href":"https:\/\/adolphemax.be\/index.php\/wp-json\/wp\/v2\/media?parent=2350"}],"wp:term":[{"taxonomy":"category","embeddable":true,"href":"https:\/\/adolphemax.be\/index.php\/wp-json\/wp\/v2\/categories?post=2350"},{"taxonomy":"post_tag","embeddable":true,"href":"https:\/\/adolphemax.be\/index.php\/wp-json\/wp\/v2\/tags?post=2350"}],"curies":[{"name":"wp","href":"https:\/\/api.w.org\/{rel}","templated":true}]}}