{"id":2381,"date":"2021-02-01T14:07:17","date_gmt":"2021-02-01T13:07:17","guid":{"rendered":"http:\/\/adolphemax.be\/?p=2381"},"modified":"2021-02-01T14:07:17","modified_gmt":"2021-02-01T13:07:17","slug":"avis-aux-eleves-du-d2-d3","status":"publish","type":"post","link":"https:\/\/adolphemax.be\/index.php\/2021\/02\/01\/avis-aux-eleves-du-d2-d3\/","title":{"rendered":"Avis aux \u00e9l\u00e8ves du D2-D3"},"content":{"rendered":"\n<p>Chers parents, chers \u00e9l\u00e8ves,<\/p>\n\n\n\n<p>La situation pand\u00e9mique nous obligeant \u00e0 rester en code rouge, de plus en plus d\u2019\u00e9l\u00e8ves nous font part de leurs difficult\u00e9s \u00e0 suivre les cours en distanciel. Nous avons donc pris la d\u00e9cision de passer au syst\u00e8me \u00ab\u00a0un jour sur deux en pr\u00e9sentiel\u00a0\u00bb, d\u00e8s le lundi 8 f\u00e9vrier, date \u00e0 laquelle nous aurons atteint un \u00e9quilibre de semaines de pr\u00e9sence entre les groupes 1 et 2 des D2-D3. Le lundi 8 f\u00e9vrier concernera donc le groupe 1, le mardi 9 le groupe 2, et ainsi de suite.<\/p>\n\n\n\n<p>Nous esp\u00e9rons que ce nouveau sch\u00e9ma, d\u00e9j\u00e0 adopt\u00e9 par de nombreuses \u00e9coles, remportera l\u2019adh\u00e9sion de tous et permettra principalement d\u2019\u00e9viter \u00e0 certains \u00e9l\u00e8ves des risques de d\u00e9crochage scolaire.<\/p>\n\n\n\n<p>Merci pour votre attention,<\/p>\n\n\n\n<p>P DE MEUE, La Pr\u00e9f\u00e8te des Etudes<\/p>\n","protected":false},"excerpt":{"rendered":"<p>Chers parents, chers \u00e9l\u00e8ves, La situation pand\u00e9mique nous obligeant \u00e0 rester en code rouge, de plus en plus d\u2019\u00e9l\u00e8ves nous font part de leurs difficult\u00e9s \u00e0 suivre les cours en distanciel. Nous avons donc pris la d\u00e9cision de passer au syst\u00e8me \u00ab\u00a0un jour sur deux en pr\u00e9sentiel\u00a0\u00bb, d\u00e8s le lundi 8 f\u00e9vrier, date \u00e0 laquelle &hellip; <a href=\"https:\/\/adolphemax.be\/index.php\/2021\/02\/01\/avis-aux-eleves-du-d2-d3\/\" class=\"more-link\">Continuer la lecture de <span class=\"screen-reader-text\">Avis aux \u00e9l\u00e8ves du D2-D3<\/span> <span class=\"meta-nav\">&rarr;<\/span><\/a><\/p>\n","protected":false},"author":3,"featured_media":0,"comment_status":"closed","ping_status":"closed","sticky":false,"template":"","format":"standard","meta":[],"categories":[1],"tags":[],"_links":{"self":[{"href":"https:\/\/adolphemax.be\/index.php\/wp-json\/wp\/v2\/posts\/2381"}],"collection":[{"href":"https:\/\/adolphemax.be\/index.php\/wp-json\/wp\/v2\/posts"}],"about":[{"href":"https:\/\/adolphemax.be\/index.php\/wp-json\/wp\/v2\/types\/post"}],"author":[{"embeddable":true,"href":"https:\/\/adolphemax.be\/index.php\/wp-json\/wp\/v2\/users\/3"}],"replies":[{"embeddable":true,"href":"https:\/\/adolphemax.be\/index.php\/wp-json\/wp\/v2\/comments?post=2381"}],"version-history":[{"count":1,"href":"https:\/\/adolphemax.be\/index.php\/wp-json\/wp\/v2\/posts\/2381\/revisions"}],"predecessor-version":[{"id":2382,"href":"https:\/\/adolphemax.be\/index.php\/wp-json\/wp\/v2\/posts\/2381\/revisions\/2382"}],"wp:attachment":[{"href":"https:\/\/adolphemax.be\/index.php\/wp-json\/wp\/v2\/media?parent=2381"}],"wp:term":[{"taxonomy":"category","embeddable":true,"href":"https:\/\/adolphemax.be\/index.php\/wp-json\/wp\/v2\/categories?post=2381"},{"taxonomy":"post_tag","embeddable":true,"href":"https:\/\/adolphemax.be\/index.php\/wp-json\/wp\/v2\/tags?post=2381"}],"curies":[{"name":"wp","href":"https:\/\/api.w.org\/{rel}","templated":true}]}}