{"id":2555,"date":"2021-10-26T08:32:57","date_gmt":"2021-10-26T07:32:57","guid":{"rendered":"http:\/\/adolphemax.be\/?p=2555"},"modified":"2021-10-26T08:50:48","modified_gmt":"2021-10-26T07:50:48","slug":"reunion-des-parents-ce-jeudi-28-10-de-16h-a-19h","status":"publish","type":"post","link":"https:\/\/adolphemax.be\/index.php\/2021\/10\/26\/reunion-des-parents-ce-jeudi-28-10-de-16h-a-19h\/","title":{"rendered":"R\u00e9union des parents ce jeudi 28\/10 de 16h \u00e0 19h"},"content":{"rendered":"\n<p>Chers parents, chers \u00e9l\u00e8ves,<\/p>\n\n\n\n<p>Votre enfant va recevoir son bulletin avant le cong\u00e9 de Toussaint (uniquement pour les \u00e9l\u00e8ves de 1<sup>\u00e8re<\/sup> et 2<sup>\u00e8me<\/sup> ann\u00e9es), ou un rapport interm\u00e9diaire (pour les \u00e9l\u00e8ves de 3<sup>\u00e8me<\/sup> et 4<sup>\u00e8me<\/sup> ann\u00e9es) . Nous vous conseillons vivement de prendre connaissance de ses r\u00e9sultats. Une mise au point nous parait importante \u00e0 ce moment de l\u2019ann\u00e9e .\u00a0<\/p>\n\n\n\n<p>Nous vous rappelons qu\u2019une r\u00e9union parents \u2013 professeurs sera donc organis\u00e9e le <strong>jeudi 28 octobre 2021 de 16h \u00e0 19h<\/strong>.&nbsp;<\/p>\n\n\n\n<p>Vous aurez l&rsquo;occasion de rencontrer les professeurs de votre enfant en suivant la proc\u00e9dure d\u00e9crite ci-dessous<\/p>\n\n\n\n<p>Proc\u00e9dure&nbsp;:<\/p>\n\n\n\n<ol type=\"1\"><li>Vous barrez les p\u00e9riodes qui ne vous conviennent pas.<\/li><li>L&rsquo;\u00e9l\u00e8ve soumet la feuille au professeur que vous souhaitez rencontrer.<\/li><li>Le professeur y pr\u00e9cise une heure de rencontre, pr\u00e9voyant une p\u00e9riode de 10 minutes &nbsp;d&rsquo;entretien et un battement de 10 minutes entre deux rendez-vous.<\/li><li>Les professeurs affichent leur horaire \u00e0 l&rsquo;entr\u00e9e de leur local et respectent l&rsquo;ordre de passage des parents, dans la mesure du possible.&nbsp; Si vous d\u00e9sirez un plus long entretien, je vous invite \u00e0 prendre un rendez-vous avec le professeur concern\u00e9 pour un autre jour via le journal de classe.<\/li><\/ol>\n\n\n\n<p><strong>Nom de l&rsquo;\u00e9l\u00e8ve :&#8230;&#8230;&#8230;&#8230;&#8230;&#8230;&#8230;&#8230;&#8230;&#8230;&#8230;&#8230;&#8230;&#8230;&#8230;&#8230;&#8230;&#8230;&#8230;. classe : &#8230;&#8230;&#8230;&#8230;&#8230;&#8230;&#8230;&#8230;<\/strong><br><br><\/p>\n\n\n\n<figure class=\"wp-block-table\"><table><tbody><tr><td><strong>&nbsp;<\/strong><\/td><td><strong>professeur<\/strong><\/td><td><strong>cours<\/strong><\/td><td><strong>&nbsp;<\/strong><\/td><td><strong>professeur<\/strong><\/td><td><strong>cours<\/strong><\/td><\/tr><tr><td>16h00<\/td><td>&nbsp;<\/td><td>&nbsp;<\/td><td>17h30<\/td><td>&nbsp;<\/td><td>&nbsp;<\/td><\/tr><tr><td>16h10<\/td><td>&nbsp;<\/td><td>&nbsp;<\/td><td>17h40<\/td><td>&nbsp;<\/td><td>&nbsp;<\/td><\/tr><tr><td>16h20<\/td><td>&nbsp;<\/td><td>&nbsp;<\/td><td>17h50<\/td><td>&nbsp;<\/td><td>&nbsp;<\/td><\/tr><tr><td>16h30<\/td><td>&nbsp;<\/td><td>&nbsp;<\/td><td>18h00<\/td><td>&nbsp;<\/td><td>&nbsp;<\/td><\/tr><tr><td>16h40<\/td><td>&nbsp;<\/td><td>&nbsp;<\/td><td>18h10<\/td><td>&nbsp;<\/td><td>&nbsp;<\/td><\/tr><tr><td>16h50<\/td><td>&nbsp;<\/td><td>&nbsp;<\/td><td>18h20<\/td><td>&nbsp;<\/td><td>&nbsp;<\/td><\/tr><tr><td>17h00<\/td><td>&nbsp;<\/td><td>&nbsp;<\/td><td>18h30<\/td><td>&nbsp;<\/td><td>&nbsp;<\/td><\/tr><tr><td>17h10<\/td><td>&nbsp;<\/td><td>&nbsp;<\/td><td>18h40<\/td><td>&nbsp;<\/td><td>&nbsp;<\/td><\/tr><tr><td>17h20<\/td><td>&nbsp;<\/td><td>&nbsp;<\/td><td>18h50<\/td><td>&nbsp;<\/td><td>&nbsp;<\/td><\/tr><\/tbody><\/table><\/figure>\n\n\n\n<p><\/p>\n\n\n\n<p><\/p>\n\n\n\n<p><\/p>\n","protected":false},"excerpt":{"rendered":"<p>Chers parents, chers \u00e9l\u00e8ves, Votre enfant va recevoir son bulletin avant le cong\u00e9 de Toussaint (uniquement pour les \u00e9l\u00e8ves de 1\u00e8re et 2\u00e8me ann\u00e9es), ou un rapport interm\u00e9diaire (pour les \u00e9l\u00e8ves de 3\u00e8me et 4\u00e8me ann\u00e9es) . Nous vous conseillons vivement de prendre connaissance de ses r\u00e9sultats. Une mise au point nous parait importante \u00e0 &hellip; <a href=\"https:\/\/adolphemax.be\/index.php\/2021\/10\/26\/reunion-des-parents-ce-jeudi-28-10-de-16h-a-19h\/\" class=\"more-link\">Continuer la lecture de <span class=\"screen-reader-text\">R\u00e9union des parents ce jeudi 28\/10 de 16h \u00e0 19h<\/span> <span class=\"meta-nav\">&rarr;<\/span><\/a><\/p>\n","protected":false},"author":3,"featured_media":0,"comment_status":"closed","ping_status":"closed","sticky":false,"template":"","format":"standard","meta":[],"categories":[1],"tags":[],"_links":{"self":[{"href":"https:\/\/adolphemax.be\/index.php\/wp-json\/wp\/v2\/posts\/2555"}],"collection":[{"href":"https:\/\/adolphemax.be\/index.php\/wp-json\/wp\/v2\/posts"}],"about":[{"href":"https:\/\/adolphemax.be\/index.php\/wp-json\/wp\/v2\/types\/post"}],"author":[{"embeddable":true,"href":"https:\/\/adolphemax.be\/index.php\/wp-json\/wp\/v2\/users\/3"}],"replies":[{"embeddable":true,"href":"https:\/\/adolphemax.be\/index.php\/wp-json\/wp\/v2\/comments?post=2555"}],"version-history":[{"count":5,"href":"https:\/\/adolphemax.be\/index.php\/wp-json\/wp\/v2\/posts\/2555\/revisions"}],"predecessor-version":[{"id":2560,"href":"https:\/\/adolphemax.be\/index.php\/wp-json\/wp\/v2\/posts\/2555\/revisions\/2560"}],"wp:attachment":[{"href":"https:\/\/adolphemax.be\/index.php\/wp-json\/wp\/v2\/media?parent=2555"}],"wp:term":[{"taxonomy":"category","embeddable":true,"href":"https:\/\/adolphemax.be\/index.php\/wp-json\/wp\/v2\/categories?post=2555"},{"taxonomy":"post_tag","embeddable":true,"href":"https:\/\/adolphemax.be\/index.php\/wp-json\/wp\/v2\/tags?post=2555"}],"curies":[{"name":"wp","href":"https:\/\/api.w.org\/{rel}","templated":true}]}}