{"id":2574,"date":"2021-11-24T12:19:46","date_gmt":"2021-11-24T11:19:46","guid":{"rendered":"http:\/\/adolphemax.be\/?p=2574"},"modified":"2021-11-24T13:24:34","modified_gmt":"2021-11-24T12:24:34","slug":"telephonie-injoignable","status":"publish","type":"post","link":"https:\/\/adolphemax.be\/index.php\/2021\/11\/24\/telephonie-injoignable\/","title":{"rendered":"T\u00e9l\u00e9phonie injoignable"},"content":{"rendered":"\n<p>Chers parents,&nbsp;<\/p>\n\n\n\n<p><br>Suite \u00e0 des travaux r\u00e9alis\u00e9s sur la t\u00e9l\u00e9phonie de l&rsquo;\u00e9cole, toutes nos lignes t\u00e9l\u00e9phoniques seront injoignables demain, le jeudi 25\/11\/2021 entre 09h et 12h.&nbsp;<\/p>\n\n\n\n<p><br>Veuillez privil\u00e9gier les contacts par mail durant cette p\u00e9riode.&nbsp;<br>Pour rappel voici les adresses mail qui pourraient vous \u00eatre utiles :<\/p>\n\n\n\n<ul><li>g\u00e9n\u00e9ral : admax@brucity.education\u00a0\u00a0<\/li><li>Mme La Pr\u00e9f\u00e8te : pascale.demeue@brucity.education\u00a0\u00a0<\/li><li>Mme La Proviseur : melanie.ocmant@brucity.education\u00a0\u00a0<\/li><li>Mme Languillier &#8211; \u00e9ducatrice 1\u00e8re ann\u00e9e : fiona.languillier@brucity.education\u00a0\u00a0<\/li><li>Mme Duret &#8211; \u00e9ducatrice 2\u00e8me ann\u00e9e : aurore.duret@brucity.education\u00a0\u00a0<\/li><li>M Mulanga &#8211; \u00e9ducateur 3\u00e8me ann\u00e9e : gratien.mulanga@brucity.education\u00a0\u00a0<\/li><li>M Dell&rsquo;aria &#8211; \u00e9ducateur 4\u00e8me ann\u00e9e : yvan.dellaria@brucity.education\u00a0\u00a0<\/li><li>Mme Claeys &#8211; \u00e9ducatrice 5\u00e8me et 6\u00e8me ann\u00e9e : pascale.claeys@brucity.education\u00a0\u00a0<\/li><li>M Belhaj &#8211; \u00e9conome : hakim.belhaj@brucity.education\u00a0\u00a0<\/li><\/ul>\n\n\n\n<p>D&rsquo;avance merci pour votre compr\u00e9hension,&nbsp;<\/p>\n\n\n\n<p><br>Mme De Meue&nbsp;<\/p>\n\n\n\n<p>La Pr\u00e9f\u00e8te des \u00e9tudes&nbsp;<\/p>\n","protected":false},"excerpt":{"rendered":"<p>Chers parents,&nbsp; Suite \u00e0 des travaux r\u00e9alis\u00e9s sur la t\u00e9l\u00e9phonie de l&rsquo;\u00e9cole, toutes nos lignes t\u00e9l\u00e9phoniques seront injoignables demain, le jeudi 25\/11\/2021 entre 09h et 12h.&nbsp; Veuillez privil\u00e9gier les contacts par mail durant cette p\u00e9riode.&nbsp;Pour rappel voici les adresses mail qui pourraient vous \u00eatre utiles : g\u00e9n\u00e9ral : admax@brucity.education\u00a0\u00a0 Mme La Pr\u00e9f\u00e8te : pascale.demeue@brucity.education\u00a0\u00a0 Mme &hellip; <a href=\"https:\/\/adolphemax.be\/index.php\/2021\/11\/24\/telephonie-injoignable\/\" class=\"more-link\">Continuer la lecture de <span class=\"screen-reader-text\">T\u00e9l\u00e9phonie injoignable<\/span> <span class=\"meta-nav\">&rarr;<\/span><\/a><\/p>\n","protected":false},"author":3,"featured_media":0,"comment_status":"closed","ping_status":"closed","sticky":false,"template":"","format":"standard","meta":[],"categories":[1],"tags":[],"_links":{"self":[{"href":"https:\/\/adolphemax.be\/index.php\/wp-json\/wp\/v2\/posts\/2574"}],"collection":[{"href":"https:\/\/adolphemax.be\/index.php\/wp-json\/wp\/v2\/posts"}],"about":[{"href":"https:\/\/adolphemax.be\/index.php\/wp-json\/wp\/v2\/types\/post"}],"author":[{"embeddable":true,"href":"https:\/\/adolphemax.be\/index.php\/wp-json\/wp\/v2\/users\/3"}],"replies":[{"embeddable":true,"href":"https:\/\/adolphemax.be\/index.php\/wp-json\/wp\/v2\/comments?post=2574"}],"version-history":[{"count":2,"href":"https:\/\/adolphemax.be\/index.php\/wp-json\/wp\/v2\/posts\/2574\/revisions"}],"predecessor-version":[{"id":2576,"href":"https:\/\/adolphemax.be\/index.php\/wp-json\/wp\/v2\/posts\/2574\/revisions\/2576"}],"wp:attachment":[{"href":"https:\/\/adolphemax.be\/index.php\/wp-json\/wp\/v2\/media?parent=2574"}],"wp:term":[{"taxonomy":"category","embeddable":true,"href":"https:\/\/adolphemax.be\/index.php\/wp-json\/wp\/v2\/categories?post=2574"},{"taxonomy":"post_tag","embeddable":true,"href":"https:\/\/adolphemax.be\/index.php\/wp-json\/wp\/v2\/tags?post=2574"}],"curies":[{"name":"wp","href":"https:\/\/api.w.org\/{rel}","templated":true}]}}