{"id":2657,"date":"2022-05-06T10:55:29","date_gmt":"2022-05-06T09:55:29","guid":{"rendered":"http:\/\/adolphemax.be\/?p=2657"},"modified":"2022-05-06T10:55:29","modified_gmt":"2022-05-06T09:55:29","slug":"recours-de-fin-dannee","status":"publish","type":"post","link":"https:\/\/adolphemax.be\/index.php\/2022\/05\/06\/recours-de-fin-dannee\/","title":{"rendered":"Recours de fin d&rsquo;ann\u00e9e"},"content":{"rendered":"\n<p>Chers parents, chers \u00e9l\u00e8ves,&nbsp;&nbsp;&nbsp;&nbsp;&nbsp;<\/p>\n\n\n\n<p>&nbsp;&nbsp;&nbsp;&nbsp;&nbsp;&nbsp;&nbsp;&nbsp;&nbsp;&nbsp;&nbsp;&nbsp;&nbsp;&nbsp;&nbsp;&nbsp;&nbsp;&nbsp; En mati\u00e8re de recours, la Parlement de la F\u00e9d\u00e9ration Wallonie-Bruxelles a fix\u00e9 le r\u00f4le d\u00e9terminant des Conseils de classe en ce qui concerne la r\u00e9ussite des ann\u00e9es et la certification des CE1D et CESS.<\/p>\n\n\n\n<p>&nbsp;&nbsp;&nbsp;&nbsp;&nbsp;&nbsp;&nbsp;&nbsp;&nbsp;&nbsp;&nbsp;&nbsp;&nbsp;&nbsp;&nbsp;&nbsp;&nbsp;&nbsp; La circulaire 8052 du 14 avril 2021 pr\u00e9cise le cadre \u00e0 l\u2019int\u00e9rieur duquel peuvent porter les recours. Ils ne peuvent porter que contre les d\u00e9cisions des Conseils de classe, \u00e0 savoir contre les Attestations et Certificats d\u00e9livr\u00e9s. Pour rappel, un examen de passage \u00e9quivaut \u00e0 un report de d\u00e9cision fin ao\u00fbt et ne peut donc pas faire l\u2019objet d\u2019un recours.<\/p>\n\n\n\n<p><strong><u>Recours possibles en 2<sup>\u00e8me<\/sup> ann\u00e9e commune<\/u><\/strong><strong> (cf R\u00e8glement g\u00e9n\u00e9ral des Etudes)<\/strong><\/p>\n\n\n\n<ul><li>Un recours contre le refus d\u2019octroi du certificat d\u2019enseignement du premier degr\u00e9 (CE1D), c\u2019est \u00e0 dire une AO2S&nbsp;(attestation d\u2019orientation vers une seconde 2<sup>\u00e8me<\/sup> ann\u00e9e) et\/ou un recours contre la d\u00e9finition des formes et sections par le Conseil de classe (3DFS&nbsp;: 3<sup>\u00e8me<\/sup> d\u00e9finie en ses formes et sections). Par cons\u00e9quent, un recours relatif \u00e0 un examen de passage (obtention ou suppression) est <strong>non recevable.<\/strong><\/li><\/ul>\n\n\n\n<p><strong><u>Recours possibles pour les 3<sup>\u00e8me<\/sup>, 4<sup>\u00e8me<\/sup>, 5<sup>\u00e8me<\/sup> et 6<sup>\u00e8me<\/sup> ann\u00e9es<\/u><\/strong><strong> (cf R\u00e8glement g\u00e9n\u00e9ral des Etudes)<\/strong><\/p>\n\n\n\n<p>A partir du 2\u00e8me degr\u00e9, ne peuvent faire l\u2019objet d\u2019un recours aupr\u00e8s des Conseils de recours que les d\u00e9cisions suivantes:<\/p>\n\n\n\n<ul><li>Une d\u00e9cision d\u2019\u00e9chec \u2013 octroi d\u2019une attestation d\u2019orientation C (AOC)<\/li><li>Une d\u00e9cision de r\u00e9ussite avec restriction \u2013 octroi d\u2019une attestation B (AOB)<\/li><li><\/li><\/ul>\n\n\n\n<figure class=\"wp-block-table\"><table><tbody><tr><td><strong>&nbsp;<\/strong> <strong>Attention: une recours interne est IMPOSSIBLE dans les 2 cas suivants:<\/strong> <strong>Contre un ajournement si des examens de passage ont \u00e9t\u00e9 impos\u00e9s<\/strong><strong>Pour obtenir la transformation de l\u2019attestation d\u00e9livr\u00e9e en ajournement (volont\u00e9 d\u2019obtenir un ajournement pour quand m\u00eame pouvoir pr\u00e9senter des examens de passage)<\/strong> <strong>&nbsp;<\/strong> <strong>Donc: le recours NE PEUT PORTER QUE CONTRE UNE ATTESTATION DEJA OBTENUE. Il sp\u00e9cifi\u00e9 la volont\u00e9 d\u2019obtenir la transformation de l\u2019attestation d\u00e9livr\u00e9e en une autre attestation.<\/strong> &nbsp;<\/td><\/tr><\/tbody><\/table><\/figure>\n\n\n\n<p>Veuillez \u00eatre vigilants quant aux dates \u00e0 respecter (cf. le calendrier de fin d\u2019ann\u00e9e distribu\u00e9 le 06 mai 2022 et figurant sur notre site <a href=\"http:\/\/www.adolphemax.be\">www.adolphemax.be<\/a>).<\/p>\n\n\n\n<p><strong>La date limite pour l\u2019introduction des recours est le <u>mardi 28 juin 2022 \u00e0 12h pr\u00e9cises.<\/u><\/strong><\/p>\n\n\n\n<p><strong><u>Rappel des dates cl\u00e9s<\/u><\/strong><\/p>\n\n\n\n<ul><li>Mercredi 22 juin&nbsp;: les r\u00e9sultats sont communiqu\u00e9s par affichage dans la cour des 1\u00e8res ann\u00e9es (14h&nbsp;: affichage r\u00e9sultats 6<sup>\u00e8me<\/sup> et 5<sup>\u00e8me<\/sup> \/ 17h30&nbsp;: affichage r\u00e9sultats 3<sup>\u00e8me<\/sup> et 4<sup>\u00e8me<\/sup>)<strong>*<\/strong><\/li><li>Jeudi 23 juin&nbsp;\u00e0 16h30: affichage r\u00e9sultats 1<sup>\u00e8re<\/sup> et 2<sup>\u00e8me<\/sup> <strong>*<\/strong><\/li><li><strong><u>Mardi 28 juin \u00e0 12h<\/u><\/strong><strong>&nbsp;: date limite pour le d\u00e9p\u00f4t des recours internes.<\/strong><\/li><li>Jeudi 30 juin \u00e0 partir de 14h&nbsp;: communication de la d\u00e9cision du recours par envoi postal recommand\u00e9 ET par appel t\u00e9l\u00e9phonique aux parents.<\/li><\/ul>\n\n\n\n<p><strong>* ATTENTION&nbsp;: l\u2019affichage des r\u00e9sultats peut fluctuer en fonction de l\u2019avancement des d\u00e9lib\u00e9rations&nbsp;!<\/strong><\/p>\n\n\n\n<p>La Pr\u00e9f\u00e8te des Etudes,<\/p>\n\n\n\n<p>&nbsp;&nbsp;&nbsp;&nbsp;&nbsp;&nbsp;&nbsp;&nbsp;&nbsp;&nbsp;&nbsp;&nbsp;&nbsp;&nbsp;&nbsp;&nbsp;&nbsp;&nbsp;&nbsp;&nbsp;&nbsp;&nbsp;&nbsp; &nbsp;&nbsp;&nbsp;&nbsp;&nbsp;&nbsp;&nbsp;&nbsp;&nbsp;&nbsp;&nbsp;&nbsp;&nbsp;&nbsp;P. DE MEUE<strong><\/strong><strong><br><\/strong><\/p>\n","protected":false},"excerpt":{"rendered":"<p>Chers parents, chers \u00e9l\u00e8ves,&nbsp;&nbsp;&nbsp;&nbsp;&nbsp; &nbsp;&nbsp;&nbsp;&nbsp;&nbsp;&nbsp;&nbsp;&nbsp;&nbsp;&nbsp;&nbsp;&nbsp;&nbsp;&nbsp;&nbsp;&nbsp;&nbsp;&nbsp; En mati\u00e8re de recours, la Parlement de la F\u00e9d\u00e9ration Wallonie-Bruxelles a fix\u00e9 le r\u00f4le d\u00e9terminant des Conseils de classe en ce qui concerne la r\u00e9ussite des ann\u00e9es et la certification des CE1D et CESS. &nbsp;&nbsp;&nbsp;&nbsp;&nbsp;&nbsp;&nbsp;&nbsp;&nbsp;&nbsp;&nbsp;&nbsp;&nbsp;&nbsp;&nbsp;&nbsp;&nbsp;&nbsp; La circulaire 8052 du 14 avril 2021 pr\u00e9cise le cadre \u00e0 l\u2019int\u00e9rieur duquel peuvent porter &hellip; <a href=\"https:\/\/adolphemax.be\/index.php\/2022\/05\/06\/recours-de-fin-dannee\/\" class=\"more-link\">Continuer la lecture de <span class=\"screen-reader-text\">Recours de fin d&rsquo;ann\u00e9e<\/span> <span class=\"meta-nav\">&rarr;<\/span><\/a><\/p>\n","protected":false},"author":3,"featured_media":0,"comment_status":"closed","ping_status":"closed","sticky":false,"template":"","format":"standard","meta":[],"categories":[1],"tags":[],"_links":{"self":[{"href":"https:\/\/adolphemax.be\/index.php\/wp-json\/wp\/v2\/posts\/2657"}],"collection":[{"href":"https:\/\/adolphemax.be\/index.php\/wp-json\/wp\/v2\/posts"}],"about":[{"href":"https:\/\/adolphemax.be\/index.php\/wp-json\/wp\/v2\/types\/post"}],"author":[{"embeddable":true,"href":"https:\/\/adolphemax.be\/index.php\/wp-json\/wp\/v2\/users\/3"}],"replies":[{"embeddable":true,"href":"https:\/\/adolphemax.be\/index.php\/wp-json\/wp\/v2\/comments?post=2657"}],"version-history":[{"count":1,"href":"https:\/\/adolphemax.be\/index.php\/wp-json\/wp\/v2\/posts\/2657\/revisions"}],"predecessor-version":[{"id":2658,"href":"https:\/\/adolphemax.be\/index.php\/wp-json\/wp\/v2\/posts\/2657\/revisions\/2658"}],"wp:attachment":[{"href":"https:\/\/adolphemax.be\/index.php\/wp-json\/wp\/v2\/media?parent=2657"}],"wp:term":[{"taxonomy":"category","embeddable":true,"href":"https:\/\/adolphemax.be\/index.php\/wp-json\/wp\/v2\/categories?post=2657"},{"taxonomy":"post_tag","embeddable":true,"href":"https:\/\/adolphemax.be\/index.php\/wp-json\/wp\/v2\/tags?post=2657"}],"curies":[{"name":"wp","href":"https:\/\/api.w.org\/{rel}","templated":true}]}}