{"id":2731,"date":"2022-12-13T15:32:49","date_gmt":"2022-12-13T14:32:49","guid":{"rendered":"http:\/\/adolphemax.be\/?p=2731"},"modified":"2022-12-13T15:32:49","modified_gmt":"2022-12-13T14:32:49","slug":"greve-prevue-le-vendredi-16-decembre-2022-modification-de-lheure-de-debut-des-examens","status":"publish","type":"post","link":"https:\/\/adolphemax.be\/index.php\/2022\/12\/13\/greve-prevue-le-vendredi-16-decembre-2022-modification-de-lheure-de-debut-des-examens\/","title":{"rendered":"Gr\u00e8ve pr\u00e9vue le vendredi 16 d\u00e9cembre 2022 \u2013 Modification de l\u2019heure de d\u00e9but des examens"},"content":{"rendered":"\n<p>Chers parents, chers \u00e9l\u00e8ves,&nbsp;<\/p>\n\n\n\n<p>Suite \u00e0 la gr\u00e8ve nationale pr\u00e9vue ce <strong>vendredi 16 d\u00e9cembre 2022<\/strong>, notre Pouvoir Organisateur demande que <strong>nous d\u00e9butions les examens de ce jour \u00e0 9h30<\/strong>.<\/p>\n\n\n\n<p>Ci-dessous, vous trouverez l\u2019horaire des examens adapt\u00e9 suite \u00e0 cette d\u00e9cision&nbsp;:<\/p>\n\n\n\n<figure class=\"wp-block-table\"><table><tbody><tr><td><strong>Ann\u00e9e<\/strong><\/td><td><strong>Examen(s)<\/strong><\/td><td><strong>Horaire<\/strong><\/td><\/tr><tr><td>1<sup>\u00e8re<\/sup><\/td><td>Histoire et g\u00e9ographie<\/td><td>09h30 \u2013 13h30<\/td><\/tr><tr><td>2<sup>\u00e8me<\/sup><\/td><td>Latin<\/td><td>09h30 \u2013 12h30<\/td><\/tr><tr><td>3<sup>\u00e8me<\/sup><\/td><td>N\u00e9erlandais<\/td><td>09h30 \u2013 12h30<\/td><\/tr><tr><td>4<sup>\u00e8me<\/sup><\/td><td>Chimie et biologie<\/td><td>09h30 \u2013 13h30<\/td><\/tr><tr><td>5LGM\/LM\/LS\/MS\/SC\/EM<\/td><td>Math\u00e9matique<\/td><td>09h30 \u2013 13h30<\/td><\/tr><tr><td>6LM 6SC\/EL\/EM<\/td><td>Latin Fran\u00e7ais (oral)<\/td><td>09h30 \u2013 12h30 *<\/td><\/tr><\/tbody><\/table><\/figure>\n\n\n\n<p>*L\u2019horaire de passage pour les examens oraux pr\u00e9vus ce jour-l\u00e0 seront d\u00e9cal\u00e9s d\u20191h30. Merci de bien vouloir prendre contact avec le professeur de la mati\u00e8re afin de confirmer votre nouvelle heure de passage.<\/p>\n\n\n\n<p>Exceptionnellement, le <strong>blocus<\/strong> organis\u00e9 \u00e0 l\u2019\u00e9cole aura lieu de <strong>14h \u00e0 16h<\/strong>.<\/p>\n\n\n\n<p>Merci pour votre compr\u00e9hension et collaboration,<\/p>\n\n\n\n<p>La Proviseure,&nbsp;&nbsp;&nbsp;&nbsp;&nbsp;&nbsp;&nbsp;&nbsp;&nbsp;&nbsp;&nbsp;&nbsp;&nbsp;&nbsp;&nbsp;&nbsp;&nbsp;&nbsp;&nbsp;&nbsp;&nbsp;&nbsp;&nbsp;&nbsp;&nbsp;&nbsp;&nbsp;&nbsp;&nbsp;&nbsp;&nbsp;&nbsp;&nbsp;&nbsp;&nbsp;&nbsp;&nbsp;&nbsp;&nbsp;&nbsp;&nbsp;&nbsp;&nbsp;&nbsp;&nbsp;&nbsp;&nbsp;&nbsp;&nbsp;&nbsp;&nbsp;&nbsp;&nbsp;&nbsp;&nbsp;&nbsp;&nbsp;&nbsp;&nbsp;&nbsp;&nbsp;&nbsp;&nbsp;&nbsp;&nbsp;&nbsp;&nbsp;&nbsp;&nbsp;&nbsp;&nbsp;&nbsp;&nbsp;&nbsp;&nbsp;&nbsp;&nbsp;&nbsp;&nbsp;&nbsp;&nbsp;&nbsp;&nbsp;&nbsp;&nbsp;&nbsp;&nbsp;&nbsp;&nbsp;&nbsp;&nbsp;&nbsp;&nbsp;&nbsp;&nbsp;&nbsp;&nbsp; La Pr\u00e9f\u00e8te des Etudes,<\/p>\n\n\n\n<p>M. Ocmant&nbsp;&nbsp;&nbsp;&nbsp;&nbsp;&nbsp;&nbsp;&nbsp;&nbsp;&nbsp;&nbsp;&nbsp;&nbsp;&nbsp;&nbsp;&nbsp;&nbsp;&nbsp;&nbsp;&nbsp;&nbsp;&nbsp;&nbsp;&nbsp;&nbsp;&nbsp;&nbsp;&nbsp;&nbsp;&nbsp;&nbsp;&nbsp;&nbsp;&nbsp;&nbsp;&nbsp;&nbsp;&nbsp;&nbsp;&nbsp;&nbsp;&nbsp;&nbsp;&nbsp;&nbsp;&nbsp;&nbsp;&nbsp;&nbsp;&nbsp;&nbsp;&nbsp;&nbsp;&nbsp;&nbsp;&nbsp;&nbsp;&nbsp;&nbsp;&nbsp;&nbsp;&nbsp;&nbsp;&nbsp;&nbsp;&nbsp;&nbsp;&nbsp;&nbsp;&nbsp;&nbsp;&nbsp;&nbsp;&nbsp;&nbsp;&nbsp;&nbsp;&nbsp;&nbsp;&nbsp;&nbsp;&nbsp;&nbsp;&nbsp;&nbsp;&nbsp;&nbsp;&nbsp;&nbsp;&nbsp;&nbsp;&nbsp;&nbsp;&nbsp;&nbsp;&nbsp;&nbsp;&nbsp;&nbsp;&nbsp;&nbsp;&nbsp; P. De Meue<\/p>\n","protected":false},"excerpt":{"rendered":"<p>Chers parents, chers \u00e9l\u00e8ves,&nbsp; Suite \u00e0 la gr\u00e8ve nationale pr\u00e9vue ce vendredi 16 d\u00e9cembre 2022, notre Pouvoir Organisateur demande que nous d\u00e9butions les examens de ce jour \u00e0 9h30. Ci-dessous, vous trouverez l\u2019horaire des examens adapt\u00e9 suite \u00e0 cette d\u00e9cision&nbsp;: Ann\u00e9e Examen(s) Horaire 1\u00e8re Histoire et g\u00e9ographie 09h30 \u2013 13h30 2\u00e8me Latin 09h30 \u2013 12h30 &hellip; <a href=\"https:\/\/adolphemax.be\/index.php\/2022\/12\/13\/greve-prevue-le-vendredi-16-decembre-2022-modification-de-lheure-de-debut-des-examens\/\" class=\"more-link\">Continuer la lecture de <span class=\"screen-reader-text\">Gr\u00e8ve pr\u00e9vue le vendredi 16 d\u00e9cembre 2022 \u2013 Modification de l\u2019heure de d\u00e9but des examens<\/span> <span class=\"meta-nav\">&rarr;<\/span><\/a><\/p>\n","protected":false},"author":3,"featured_media":0,"comment_status":"closed","ping_status":"closed","sticky":false,"template":"","format":"standard","meta":[],"categories":[1],"tags":[],"_links":{"self":[{"href":"https:\/\/adolphemax.be\/index.php\/wp-json\/wp\/v2\/posts\/2731"}],"collection":[{"href":"https:\/\/adolphemax.be\/index.php\/wp-json\/wp\/v2\/posts"}],"about":[{"href":"https:\/\/adolphemax.be\/index.php\/wp-json\/wp\/v2\/types\/post"}],"author":[{"embeddable":true,"href":"https:\/\/adolphemax.be\/index.php\/wp-json\/wp\/v2\/users\/3"}],"replies":[{"embeddable":true,"href":"https:\/\/adolphemax.be\/index.php\/wp-json\/wp\/v2\/comments?post=2731"}],"version-history":[{"count":1,"href":"https:\/\/adolphemax.be\/index.php\/wp-json\/wp\/v2\/posts\/2731\/revisions"}],"predecessor-version":[{"id":2732,"href":"https:\/\/adolphemax.be\/index.php\/wp-json\/wp\/v2\/posts\/2731\/revisions\/2732"}],"wp:attachment":[{"href":"https:\/\/adolphemax.be\/index.php\/wp-json\/wp\/v2\/media?parent=2731"}],"wp:term":[{"taxonomy":"category","embeddable":true,"href":"https:\/\/adolphemax.be\/index.php\/wp-json\/wp\/v2\/categories?post=2731"},{"taxonomy":"post_tag","embeddable":true,"href":"https:\/\/adolphemax.be\/index.php\/wp-json\/wp\/v2\/tags?post=2731"}],"curies":[{"name":"wp","href":"https:\/\/api.w.org\/{rel}","templated":true}]}}